{"id":866,"__str__":"Lei n\u00ba 2.575, de 06 de mar\u00e7o de 2023","link_detail_backend":"/norma/866","metadata":{},"texto_integral":"http://sapl.ibia.mg.leg.br/media/sapl/public/normajuridica/2023/866/lei_municipal_no_2575.pdf","numero":"2575","ano":2023,"esfera_federacao":"M","data":"2023-03-06","data_publicacao":null,"veiculo_publicacao":"","pagina_inicio_publicacao":null,"pagina_fim_publicacao":null,"ementa":"Disp\u00f5e sobre a denomina\u00e7\u00e3o de pra\u00e7a p\u00fablica no \u00e2mbito do munic\u00edpio de Ibi\u00e1 \u2013 MG. (Pra\u00e7a Eur\u00edpedes Modesto) | PL 06/23","indexacao":"Disp\u00f5e sobre a denomina\u00e7\u00e3o de pra\u00e7a p\u00fablica no \u00e2mbito do munic\u00edpio de Ibi\u00e1 \u2013 MG. (Pra\u00e7a Eur\u00edpedes Modesto) | PL 06/23","observacao":"","complemento":false,"data_vigencia":null,"timestamp":"2023-04-13T13:32:35.932122-03:00","data_ultima_atualizacao":"2023-04-13T13:32:36.231852-03:00","ip":"177.69.9.177","ultima_edicao":"2023-04-13T13:31:34.854495-03:00","tipo":1,"materia":null,"orgao":null,"user":3,"assuntos":[],"autores":[]}