{"id":891,"__str__":"Lei n\u00ba 2.602, de 21 de agosto de 2023","link_detail_backend":"/norma/891","metadata":{},"texto_integral":"http://sapl.ibia.mg.leg.br/media/sapl/public/normajuridica/2023/891/lei_municipal_no_2602.pdf","numero":"2602","ano":2023,"esfera_federacao":"M","data":"2023-08-21","data_publicacao":null,"veiculo_publicacao":"","pagina_inicio_publicacao":null,"pagina_fim_publicacao":null,"ementa":"Disp\u00f5e sobre a utiliza\u00e7\u00e3o do colar de quebra-cabe\u00e7a como s\u00edmbolo para a identifica\u00e7\u00e3o da pessoa com Transtorno do Espectro Autista - TEA no Munic\u00edpio de Ibi\u00e1 e d\u00e1 outras provid\u00eancias. | PL 36/23","indexacao":"Disp\u00f5e sobre a utiliza\u00e7\u00e3o do colar de quebra-cabe\u00e7a como s\u00edmbolo para a identifica\u00e7\u00e3o da pessoa com Transtorno do Espectro Autista - TEA no Munic\u00edpio de Ibi\u00e1 e d\u00e1 outras provid\u00eancias. | PL 36/23","observacao":"","complemento":false,"data_vigencia":null,"timestamp":"2023-10-16T16:53:51.690991-03:00","data_ultima_atualizacao":"2023-10-16T16:53:51.812758-03:00","ip":"177.69.9.181","ultima_edicao":"2023-10-16T16:52:54.563231-03:00","tipo":1,"materia":null,"orgao":null,"user":3,"assuntos":[],"autores":[2]}